{"id":28,"date":"2022-12-12T18:44:35","date_gmt":"2022-12-12T21:44:35","guid":{"rendered":"https:\/\/www.travelinn.com.br\/blog\/?p=28"},"modified":"2022-12-12T18:44:35","modified_gmt":"2022-12-12T21:44:35","slug":"organicos-perola-da-terra-mais-uma-joia-da-serra-gaucha","status":"publish","type":"post","link":"https:\/\/www.travelinn.com.br\/blog\/organicos-perola-da-terra-mais-uma-joia-da-serra-gaucha\/","title":{"rendered":"ORG\u00c2NICOS P\u00c9ROLA DA TERRA: MAIS UMA JOIA DA SERRA GA\u00daCHA"},"content":{"rendered":"\n<p>Imagine visitar a encantadora Serra Ga\u00facha e, ainda, desfrutar, literalmente, dos melhores sabores que a natureza tem a oferecer. O&nbsp;<a href=\"https:\/\/www.travelinn.com.br\/antonio-prado\/\">Travel Inn Axten Ant\u00f4nio Prado<\/a>&nbsp;tem esta dica, que \u00e9 uma \u201cjoia\u201d, para voc\u00ea: estamos falando da Org\u00e2nicos P\u00e9rola da Terra, uma propriedade que fica em uma das rotas tur\u00edsticas de Ant\u00f4nio Prado, RS, cercada por morros, matas e muita natureza.<\/p>\n\n\n\n<p>Trata-se de um s\u00edtio onde se produz alimentos 100% org\u00e2nicos, de forma sustent\u00e1vel e ecol\u00f3gica, por meio do cooperativismo e associativismo. Suas planta\u00e7\u00f5es v\u00e3o al\u00e9m de oferecer um sabor origin\u00e1rio, mas enchem tamb\u00e9m os olhos com a beleza do cultivo. E n\u00e3o \u00e9 para menos, o capricho e o zelo na aplica\u00e7\u00e3o das t\u00e9cnicas de cultivo ultrapassam o profissionalismo e demonstram escancaradamente o amor e carinho empregado pelas m\u00e3os que produzem, em cada detalhe. Exemplo disso s\u00e3o as hortas org\u00e2nicas e estufas de morango e tomate, onde os frutos crescem ao som de m\u00fasicas, e o resultado \u00e9 incr\u00edvel.<\/p>\n\n\n\n<figure class=\"wp-block-image\"><img decoding=\"async\" src=\"https:\/\/www.travelinn.com.br\/antonio-prado\/blog\/wp-content\/uploads\/2022\/10\/WhatsApp-Image-2022-10-20-at-12.10.47-1024x682.jpeg\" alt=\"\" class=\"wp-image-106\"\/><\/figure>\n\n\n\n<p>A empresa tem mais 25 anos de experi\u00eancia na \u00e1rea e \u00e9 formada por uma base familiar, que trabalha na produ\u00e7\u00e3o de&nbsp;<em>sucos,&nbsp;<\/em><em>n\u00e9ctares, molhos, doces, vinagre de ma\u00e7\u00e3, amaranto com tomates, uvas, frutas vermelhas e hortali\u00e7as in natura. Os cultivos buscam total simbiose com a natureza, em que o respeito pelo meio ambiente \u00e9 o princ\u00edpio maior, construindo a cadeia e o equil\u00edbrio perfeitos para a produ\u00e7\u00e3o final.<\/em><\/p>\n\n\n\n<p><em>Com essa filosofia de vida, o local recebe muitos turistas, que visitam a Serra Ga\u00facha e acabam se encantando com todo o processo e com a beleza da propriedade. Uma equipe est\u00e1 preparada para receber, guiar e explicar as t\u00e9cnicas utilizadas aos visitantes e demonstrar a conviv\u00eancia harmoniosa entre homem e natureza.&nbsp; Al\u00e9m disso, \u00e9 poss\u00edvel adquirir seus produtos naturais durante o passeio. Outra forma de comprar os artigos \u00e9 visitando a Feira do Bom Fim, que ocorre quinzenalmente em Ant\u00f4nio Prado ou, ainda, entrando em contato com a empresa.<\/em><\/p>\n\n\n\n<p><em>Para conhecer os produtos, acesse:&nbsp;<\/em><a href=\"https:\/\/www.peroladaterra.com\/produtos\/\">https:\/\/www.peroladaterra.com\/produtos\/<\/a><\/p>\n\n\n\n<p><em>\u00c9 importante lembrar que \u00e9 preciso agendar a visita\u00e7\u00e3o com anteced\u00eancia. Basta acessar&nbsp;<\/em><a href=\"https:\/\/www.peroladaterra.com\/visitacao\/\">https:\/\/www.peroladaterra.com\/visitacao\/<\/a><em>&nbsp;para informa\u00e7\u00f5es sobre disponibilidade de dias e hor\u00e1rios.<\/em><\/p>\n\n\n\n<p><em>J\u00e1, para saber tudo sobre a Org\u00e2nicos P\u00e9rola da Terra e o que espera por voc\u00ea, acesse&nbsp;<\/em><a href=\"https:\/\/www.peroladaterra.com\/perola-da-terra\/\">https:\/\/www.peroladaterra.com\/perola-da-terra\/<\/a><em>.<\/em><\/p>\n\n\n\n<p><em>E depois deste passeio cheiroso e saboroso, o&nbsp;<a href=\"https:\/\/www.travelinn.com.br\/antonio-prado\/\">Travel InnAxten&nbsp; Ant\u00f4nio Prado<\/a>&nbsp;te espera, com acomoda\u00e7\u00f5es premium superconfort\u00e1veis, piscina quentinha, bar, restaurante e muito mais, &nbsp;no ponto alto da cidade, onde a vista do por do sol fechar\u00e1 seu dia com chave de ouro.<\/em><\/p>\n\n\n\n<p>&nbsp;&nbsp;&nbsp;&nbsp;&nbsp;&nbsp;&nbsp;&nbsp;&nbsp;&nbsp;&nbsp;&nbsp;&nbsp;&nbsp;&nbsp; Acesse: https:\/\/www.travelinn.com.br\/antonio-prado\/ e fa\u00e7a sua reserva.<\/p>\n","protected":false},"excerpt":{"rendered":"<p>Imagine visitar a encantadora Serra Ga\u00facha e, ainda, desfrutar, literalmente, dos melhores sabores que a natureza tem a oferecer. O&nbsp;Travel Inn Axten Ant\u00f4nio Prado&nbsp;tem esta dica, que \u00e9 uma \u201cjoia\u201d, para voc\u00ea: estamos falando da Org\u00e2nicos P\u00e9rola da Terra, uma propriedade que fica em uma das rotas tur\u00edsticas de Ant\u00f4nio Prado, RS, cercada por morros, &hellip; <a href=\"https:\/\/www.travelinn.com.br\/blog\/organicos-perola-da-terra-mais-uma-joia-da-serra-gaucha\/\" class=\"more-link\">Continuar lendo <span class=\"screen-reader-text\">ORG\u00c2NICOS P\u00c9ROLA DA TERRA: MAIS UMA JOIA DA SERRA GA\u00daCHA<\/span> <span class=\"meta-nav\">&rarr;<\/span><\/a><\/p>\n","protected":false},"author":2,"featured_media":29,"comment_status":"open","ping_status":"open","sticky":false,"template":"","format":"standard","meta":{"footnotes":""},"categories":[1],"tags":[15,14,19,20,51,24,21,23,22],"class_list":["post-28","post","type-post","status-publish","format-standard","has-post-thumbnail","hentry","category-sem-categoria","tag-antonio-prado","tag-hotel-em-antonio-prado","tag-hotel-na-serra-gaucha","tag-onde-ficar-na-serra-gaucha","tag-organicos-perola-da-terra","tag-serra-gaucha-2","tag-serra-gaucha","tag-tempo-na-serra-gaucha","tag-travel-inn-antonio-prado"],"_links":{"self":[{"href":"https:\/\/www.travelinn.com.br\/blog\/wp-json\/wp\/v2\/posts\/28","targetHints":{"allow":["GET"]}}],"collection":[{"href":"https:\/\/www.travelinn.com.br\/blog\/wp-json\/wp\/v2\/posts"}],"about":[{"href":"https:\/\/www.travelinn.com.br\/blog\/wp-json\/wp\/v2\/types\/post"}],"author":[{"embeddable":true,"href":"https:\/\/www.travelinn.com.br\/blog\/wp-json\/wp\/v2\/users\/2"}],"replies":[{"embeddable":true,"href":"https:\/\/www.travelinn.com.br\/blog\/wp-json\/wp\/v2\/comments?post=28"}],"version-history":[{"count":1,"href":"https:\/\/www.travelinn.com.br\/blog\/wp-json\/wp\/v2\/posts\/28\/revisions"}],"predecessor-version":[{"id":30,"href":"https:\/\/www.travelinn.com.br\/blog\/wp-json\/wp\/v2\/posts\/28\/revisions\/30"}],"wp:featuredmedia":[{"embeddable":true,"href":"https:\/\/www.travelinn.com.br\/blog\/wp-json\/wp\/v2\/media\/29"}],"wp:attachment":[{"href":"https:\/\/www.travelinn.com.br\/blog\/wp-json\/wp\/v2\/media?parent=28"}],"wp:term":[{"taxonomy":"category","embeddable":true,"href":"https:\/\/www.travelinn.com.br\/blog\/wp-json\/wp\/v2\/categories?post=28"},{"taxonomy":"post_tag","embeddable":true,"href":"https:\/\/www.travelinn.com.br\/blog\/wp-json\/wp\/v2\/tags?post=28"}],"curies":[{"name":"wp","href":"https:\/\/api.w.org\/{rel}","templated":true}]}}