{"id":726,"date":"2025-12-03T09:43:34","date_gmt":"2025-12-03T12:43:34","guid":{"rendered":"https:\/\/www.travelinn.com.br\/blog\/?p=726"},"modified":"2025-12-03T09:43:34","modified_gmt":"2025-12-03T12:43:34","slug":"festas-de-reveillon-2026-em-trancoso-onde-o-verao-brilha-mais-forte-e-a-virada-tem-alma-propria","status":"publish","type":"post","link":"https:\/\/www.travelinn.com.br\/blog\/festas-de-reveillon-2026-em-trancoso-onde-o-verao-brilha-mais-forte-e-a-virada-tem-alma-propria\/","title":{"rendered":"FESTAS DE R\u00c9VEILLON 2026 EM TRANCOSO &#8211; ONDE O VER\u00c3O BRILHA MAIS FORTE E A VIRADA TEM ALMA PR\u00d3PRIA"},"content":{"rendered":"\n<p>H\u00e1 lugares que celebram o R\u00e9veillon&#8230; E h\u00e1 Trancoso, onde o tempo parece desacelerar, o sol beija o dia at\u00e9 mais tarde e a energia vibra em um ritmo que s\u00f3 esse pedacinho m\u00e1gico do sul da Bahia sabe oferecer.<\/p>\n\n\n\n<p>Quando dezembro chega, a vila ganha luz pr\u00f3pria: a Pra\u00e7a do Quadrado floresce em charme, as praias ficam douradas, e cada p\u00f4r do sol prepara a alma para uma virada inesquec\u00edvel. \u00c9 quando Trancoso se transforma no palco mais desejado do pa\u00eds para celebrar o novo ano, um espet\u00e1culo que mistura m\u00fasica, boa gastronomia, gente interessante e aquela atmosfera \u00fanica que s\u00f3 quem viveu sabe explicar. Trancoso n\u00e3o faz R\u00e9veillon. Trancoso entrega experi\u00eancias. E para 2026, a programa\u00e7\u00e3o j\u00e1 est\u00e1 fervendo.<\/p>\n\n\n\n<p>Para a virada de 2026, alguns dos eventos mais ic\u00f4nicos do ver\u00e3o brasileiro j\u00e1 confirmaram presen\u00e7a, garantindo noites eletrizantes, playlists que fazem o corpo dan\u00e7ar sozinho e cen\u00e1rios de cinema para brindar o novo ano.<\/p>\n\n\n\n<p><strong><u>&#8211; &nbsp;Festa Sarav<\/u><\/strong><strong><u>\u00e1<\/u><\/strong><strong><u> <\/u><\/strong><strong><u>\u2013<\/u><\/strong><strong><u> 27\/12, a festa que abre oficialmente a temporada.<\/u><\/strong><\/p>\n\n\n\n<p><strong>Onde acontece:<\/strong> geralmente em espa\u00e7os ao ar livre cercados por vegeta\u00e7\u00e3o nativa, com toda aquela est\u00e9tica r\u00fastico-chique que s\u00f3 Trancoso entrega.<\/p>\n\n\n\n<p><strong>O que esperar:<\/strong> ritmos brasileiros, muita percuss\u00e3o, clima quente e acolhedor. A Sarav\u00e1 tem alma, \u00e9 colorida, viva, cheia de gente leve e vibes positivas.<\/p>\n\n\n\n<p><strong>M\u00fasica:<\/strong> sets que misturam MPB remixada, afrobeat, brasilidades, levadas tropicais e grooves que fazem o corpo entrar no ritmo sem perceber.<\/p>\n\n\n\n<p>\u00c9 a festa ideal para quem quer come\u00e7ar as f\u00e9rias sentindo a batida alegre da Bahia no peito.<\/p>\n\n\n\n<p><strong><u>&nbsp;&#8211; We Love Trancoso <\/u><\/strong><strong><u>\u2013<\/u><\/strong><strong><u> 29\/12: um dos cl\u00e1ssicos mais aguardados.<\/u><\/strong><\/p>\n\n\n\n<p><strong>Onde acontece:<\/strong> em loca\u00e7\u00f5es exclusivas com vista para o mar, normalmente em beach clubs com cenografia marcante.<\/p>\n\n\n\n<p><strong>O que esperar:<\/strong> uma noite sofisticada, vibrante, com pistas animadas e um p\u00fablico estiloso, formado por gente bonita, influentes e amantes de m\u00fasica eletr\u00f4nica.<\/p>\n\n\n\n<p><strong>M\u00fasica:<\/strong> DJs renomados nacionais e internacionais comandam a noite com house mel\u00f3dico, deep, organic e eletr\u00f4nica dan\u00e7ante.<\/p>\n\n\n\n<p>A We Love \u00e9 intensa, luminosa e inesquec\u00edvel, daquelas que voc\u00ea sai pensando \u201cJ\u00e1 come\u00e7ou!\u201d e entra de vez no clima da virada.<\/p>\n\n\n\n<p><strong><u>&#8211; Festa Pr<\/u><\/strong><strong><u>\u00e9<\/u><\/strong><strong><u>-R<\/u><\/strong><strong><u>\u00e9<\/u><\/strong><strong><u>veillon do Ta\u00edpe <\/u><\/strong><strong><u>\u2013<\/u><\/strong><strong><u> 30\/12: o aquecimento oficial do grande dia.<\/u><\/strong><\/p>\n\n\n\n<p><strong>Onde acontece:<\/strong> em cen\u00e1rios imersos na natureza, entre o verde e a brisa marinha, em espa\u00e7os que valorizam o clima tropical noturno.<\/p>\n\n\n\n<p><strong>O que esperar:<\/strong> um evento com energia de \u201cv\u00e9spera de algo grandioso\u201d, p\u00fablico animad\u00edssimo, luzes, decora\u00e7\u00e3o tem\u00e1tica e horas de m\u00fasica que elevam o astral.<\/p>\n\n\n\n<p><strong>M\u00fasica:<\/strong> DJs que transitam entre eletr\u00f4nica moderna, batidas tropicais, remixes de cl\u00e1ssicos e aquele som gostoso que faz o corpo dan\u00e7ar at\u00e9 de olhos fechados.<\/p>\n\n\n\n<p>\u00c9 o momento de alinhar a vibra\u00e7\u00e3o para o dia 31. Quem vive essa festa j\u00e1 acorda no clima perfeito para o R\u00e9veillon.<\/p>\n\n\n\n<p><strong><u>&#8211; Festa da Virada \u2013 31\/12: a noite mais simb\u00f3lica do ver\u00e3o baiano.<\/u><\/strong><\/p>\n\n\n\n<p><strong>Onde acontece:<\/strong> sempre p\u00e9 na areia, o cart\u00e3o postal de todas as viradas em Trancoso, com uma cenografia impec\u00e1vel e ilumina\u00e7\u00e3o que transforma a praia num cen\u00e1rio de filme.<\/p>\n\n\n\n<p><strong>O que esperar:<\/strong> champagne estourando ao som do mar, fogos suaves, abra\u00e7os calorosos e aquela energia de renova\u00e7\u00e3o que arrepia.<\/p>\n\n\n\n<p><strong>M\u00fasica:<\/strong> line-up premium, com DJs de renome, sets progressivos, tracks emocionantes e um amanhecer ao som da m\u00fasica certa no momento exato.<\/p>\n\n\n\n<p>\u00c9 a fus\u00e3o perfeita entre natureza, festa e emo\u00e7\u00e3o. Um ritual contempor\u00e2neo que s\u00f3 acontece ali, entre ondas, luzes e brindes.<\/p>\n\n\n\n<p><strong><u>&#8211; Ressaca <\/u><\/strong><strong><u>\u2013<\/u><\/strong><strong><u> 02\/01: porque em Trancoso a alegria n\u00e3o para no \u201cfeliz ano novo\u201d.<\/u><\/strong><\/p>\n\n\n\n<p><strong>Onde acontece:<\/strong> em espa\u00e7os abertos e solares, geralmente perto da praia, acompanhando o brilho do sol de janeiro.<\/p>\n\n\n\n<p><strong>O que esperar:<\/strong> clima leve, divertido, despretensioso, com gente de bem com a vida, drinks refrescantes e aquela sensa\u00e7\u00e3o de \u201cvamos come\u00e7ar 2026 do melhor jeito poss\u00edvel\u201d.<\/p>\n\n\n\n<p><strong>M\u00fasica:<\/strong> eletr\u00f4nica leve, pop remixado, groovy house e sons tropicais perfeitos para dan\u00e7ar com o vento batendo no rosto.<\/p>\n\n\n\n<p>\u00c9 a despedida perfeita da temporada, ensolarada, iluminada e deliciosa.<\/p>\n\n\n\n<p>Mas aten\u00e7\u00e3o: a maioria dessas festas \u00e9 privada e exige a compra antecipada de ingressos. Por isso, garantir o seu lugar com anteced\u00eancia \u00e9 essencial para viver a temporada sem perder nenhum momento marcante<\/p>\n\n\n\n<p><strong><u>E onde ficar para viver tudo isso da forma mais especial?<\/u><\/strong><\/p>\n\n\n\n<p>Abra\u00e7ada pelo verde e com alma acolhedora est\u00e1 o #Travel Inn Pousadas &amp; Beach Club Trancoso, que redefine o conceito de p\u00e9 na areia com charme, confort\u00e1vel, completa e do jeitinho que suas f\u00e9rias merecem. E o melhor? Com uma promo\u00e7\u00e3o imperd\u00edvel para o R\u00e9veillon 2026, perfeita para quem quer unir boa hospedagem, experi\u00eancia gastron\u00f4mica e muito bem-estar.<\/p>\n\n\n\n<p><strong><u>Promo\u00e7\u00e3o R\u00e9veillon Trancoso 2026, Travel Inn Pousadas &amp; Beach Club Trancoso:<\/u><\/strong><\/p>\n\n\n\n<p>\u2714 R$ 1.000 de cashback para usar no beach club, bar e restaurante do hotel<\/p>\n\n\n\n<p>\u2714 Ceia Especial no dia 31\/12 (exceto bebidas)<\/p>\n\n\n\n<p>\u2714 Caf\u00e9 da manh\u00e3<\/p>\n\n\n\n<p>\u2714 Servi\u00e7o de praia, Wi-Fi e estacionamento gratuitos<\/p>\n\n\n\n<p>\u2714 1 crian\u00e7a de at\u00e9 5 anos gr\u00e1tis no quarto dos pais<\/p>\n\n\n\n<p>Se o seu desejo \u00e9 virar o ano com o p\u00e9 na areia, o cora\u00e7\u00e3o leve e cercado de tudo que faz a vida valer a pena, ent\u00e3o Trancoso \u00e9 o seu destino, e a pousada certa j\u00e1 est\u00e1 te esperando. Porque alguns lugares a gente visita. Trancoso, a gente sente. Acesse <a href=\"https:\/\/www.travelinn.com.br\/trancoso\/pacote\/cashback\">https:\/\/www.travelinn.com.br\/trancoso\/pacote\/cashback<\/a>, confira as condi\u00e7\u00f5es da promo\u00e7\u00e3o e garanta sua hospedagem.<\/p>\n","protected":false},"excerpt":{"rendered":"<p>H\u00e1 lugares que celebram o R\u00e9veillon&#8230; E h\u00e1 Trancoso, onde o tempo parece desacelerar, o sol beija o dia at\u00e9 mais tarde e a energia vibra em um ritmo que s\u00f3 esse pedacinho m\u00e1gico do sul da Bahia sabe oferecer. Quando dezembro chega, a vila ganha luz pr\u00f3pria: a Pra\u00e7a do Quadrado floresce em charme, &hellip; <a href=\"https:\/\/www.travelinn.com.br\/blog\/festas-de-reveillon-2026-em-trancoso-onde-o-verao-brilha-mais-forte-e-a-virada-tem-alma-propria\/\" class=\"more-link\">Continuar lendo <span class=\"screen-reader-text\">FESTAS DE R\u00c9VEILLON 2026 EM TRANCOSO &#8211; ONDE O VER\u00c3O BRILHA MAIS FORTE E A VIRADA TEM ALMA PR\u00d3PRIA<\/span> <span class=\"meta-nav\">&rarr;<\/span><\/a><\/p>\n","protected":false},"author":3,"featured_media":727,"comment_status":"open","ping_status":"open","sticky":false,"template":"","format":"standard","meta":{"footnotes":""},"categories":[1],"tags":[500,687,476,702,703,449,313,557,701,558,700],"class_list":["post-726","post","type-post","status-publish","format-standard","has-post-thumbnail","hentry","category-sem-categoria","tag-ano-novo","tag-caschback","tag-ferias-2","tag-festas","tag-musica","tag-pe-na-areia","tag-promocao","tag-rede-travel-inn","tag-reveilon","tag-travel-inn-pousadas-beach-club-trancoso","tag-virada-do-ano"],"_links":{"self":[{"href":"https:\/\/www.travelinn.com.br\/blog\/wp-json\/wp\/v2\/posts\/726","targetHints":{"allow":["GET"]}}],"collection":[{"href":"https:\/\/www.travelinn.com.br\/blog\/wp-json\/wp\/v2\/posts"}],"about":[{"href":"https:\/\/www.travelinn.com.br\/blog\/wp-json\/wp\/v2\/types\/post"}],"author":[{"embeddable":true,"href":"https:\/\/www.travelinn.com.br\/blog\/wp-json\/wp\/v2\/users\/3"}],"replies":[{"embeddable":true,"href":"https:\/\/www.travelinn.com.br\/blog\/wp-json\/wp\/v2\/comments?post=726"}],"version-history":[{"count":1,"href":"https:\/\/www.travelinn.com.br\/blog\/wp-json\/wp\/v2\/posts\/726\/revisions"}],"predecessor-version":[{"id":728,"href":"https:\/\/www.travelinn.com.br\/blog\/wp-json\/wp\/v2\/posts\/726\/revisions\/728"}],"wp:featuredmedia":[{"embeddable":true,"href":"https:\/\/www.travelinn.com.br\/blog\/wp-json\/wp\/v2\/media\/727"}],"wp:attachment":[{"href":"https:\/\/www.travelinn.com.br\/blog\/wp-json\/wp\/v2\/media?parent=726"}],"wp:term":[{"taxonomy":"category","embeddable":true,"href":"https:\/\/www.travelinn.com.br\/blog\/wp-json\/wp\/v2\/categories?post=726"},{"taxonomy":"post_tag","embeddable":true,"href":"https:\/\/www.travelinn.com.br\/blog\/wp-json\/wp\/v2\/tags?post=726"}],"curies":[{"name":"wp","href":"https:\/\/api.w.org\/{rel}","templated":true}]}}